{"id":924,"date":"2021-01-12T15:37:23","date_gmt":"2021-01-12T15:37:23","guid":{"rendered":"https:\/\/www.gourmetproductsexport.com\/?p=924"},"modified":"2021-02-08T15:09:24","modified_gmt":"2021-02-08T15:09:24","slug":"sommos-resrva","status":"publish","type":"post","link":"https:\/\/www.gourmetproductsexport.com\/index.php\/2021\/01\/12\/sommos-resrva\/","title":{"rendered":"SOMMOS RESERVA"},"content":{"rendered":"<p>[vc_row css_animation=\u00bb\u00bb row_type=\u00bbrow\u00bb use_row_as_full_screen_section=\u00bbno\u00bb type=\u00bbfull_width\u00bb angled_section=\u00bbno\u00bb text_align=\u00bbleft\u00bb background_image_as_pattern=\u00bbwithout_pattern\u00bb css=\u00bb.vc_custom_1606151653353{margin-top: 25px !important;}\u00bb z_index=\u00bb\u00bb][vc_column width=\u00bb1\/2&#8243;]<div class=\"qode-cards-gallery-holder left\" data-side=left>\n    <div class=\"qode-cards-gallery\">\n                    <div class=\"card\" >\n                                    <img src=\"#\" alt=\"\" class=\"qode-lazy-image\" data-image=\"https:\/\/www.gourmetproductsexport.com\/wp-content\/uploads\/2021\/01\/Vino-Somos.jpg\" style=\"width:600px;height:1px\"data-ratio=\"1\" data-lazy=\"true\" \/>\n                            <\/div>\n            <\/div>\n    <div class=\"fake_card\">\n        <img src=\"https:\/\/www.gourmetproductsexport.com\/wp-content\/uploads\/2021\/01\/Vino-Somos.jpg\" alt=\"\">\n    <\/div>\n<\/div>[\/vc_column][vc_column width=\u00bb1\/2&#8243;]<div id=\"mpc_textblock-4669f50be313e8f\" class=\"mpc-textblock mpc-init \"><\/div>[vc_empty_space height=\u00bb10px\u00bb]<div id=\"mpc_textblock-1169f50be313f8e\" class=\"mpc-textblock mpc-init \"><p>Vi\u00f1edo ubicado en la Finca de Montesa, conducido en Cord\u00f3n Libero de 1,30 m de altura. Cultivado en secano sobre suelos franco-arenosos de bajo contenido en materia org\u00e1nica.Vendimia mecanizada nocturna entre la segunda y tercera semana de septiembre. Las parcelas se vendimian y vinifican por separado. Toda la uva pasa por mesa de selecci\u00f3n y el encubado se realiza por gravedad.Fermentaci\u00f3n realizada a temperatura entre 26\u00ba y 28\u00ba, seguido de una maceraci\u00f3n entorno a 15 d\u00edas. Fermentaci\u00f3n desarrollada en dep\u00f3sitos de cemento.La crianza del vino SOMMOS Reserva se realiza en barricas de roble fr\u00e1nces de 1 y 2 a\u00f1os durante un periodo de 12 meses .Este vino adem\u00e1s es poseedor de\u00a0 diferentes sellos que garantizan su excelente\u00a0 calidad<\/p>\n<\/div>[vc_empty_space height=\u00bb15px\u00bb]<a  itemprop=\"url\" href=\"https:\/\/www.gourmetproductsexport.com\/index.php\/contacto\/\" target=\"_self\" data-hover-background-color='#84b09a' data-hover-color='#ffffff' class=\"qbutton  medium center default\" style=\"color: #ffffff; margin: 15px 10px 15px 10px; border-radius: 5px;-moz-border-radius: 5px;-webkit-border-radius: 5px; background-color: #701943;\">M\u00e1s informaci\u00f3n<\/a><div id=\"mpc_textblock-2069f50be31644b\" class=\"mpc-textblock mpc-init \"><table>\n<thead>\n<tr>\n<th><span style=\"color: #ffffff;\">Titulo 1<\/span><\/th>\n<th><span style=\"color: #ffffff;\">Titulo 2<\/span><\/th>\n<\/tr>\n<\/thead>\n<tbody>\n<tr>\n<td><span style=\"color: #ffffff;\">Tabla 1<\/span><\/td>\n<td><span style=\"color: #ffffff;\">Tabla 2<\/span><\/td>\n<\/tr>\n<tr>\n<td><span style=\"color: #ffffff;\">Tabla 1<\/span><\/td>\n<td><span style=\"color: #ffffff;\">Tabla 2<\/span><\/td>\n<\/tr>\n<tr>\n<td><\/td>\n<td><\/td>\n<\/tr>\n<tr>\n<td><\/td>\n<td><\/td>\n<\/tr>\n<\/tbody>\n<\/table>\n<\/div><div id=\"mpc_grid_images-8169f50be3165b7\" class=\"mpc-grid-images mpc-init mpc-effect--none \"  data-grid-cols=\"4\"><div class=\"mpc-item\"><div onclick=\"\" class=\"mpc-grid__image mpc-transition\"><img width=\"300\" height=\"300\" src=\"https:\/\/www.gourmetproductsexport.com\/wp-content\/uploads\/2021\/01\/penin91puntos-300x300.png\" class=\"mpc-transition attachment-medium\" alt=\"\" loading=\"lazy\" srcset=\"https:\/\/www.gourmetproductsexport.com\/wp-content\/uploads\/2021\/01\/penin91puntos-300x300.png 300w, https:\/\/www.gourmetproductsexport.com\/wp-content\/uploads\/2021\/01\/penin91puntos-150x150.png 150w, https:\/\/www.gourmetproductsexport.com\/wp-content\/uploads\/2021\/01\/penin91puntos-768x768.png 768w, https:\/\/www.gourmetproductsexport.com\/wp-content\/uploads\/2021\/01\/penin91puntos-500x500.png 500w, https:\/\/www.gourmetproductsexport.com\/wp-content\/uploads\/2021\/01\/penin91puntos-1000x1000.png 1000w, https:\/\/www.gourmetproductsexport.com\/wp-content\/uploads\/2021\/01\/penin91puntos-570x570.png 570w, https:\/\/www.gourmetproductsexport.com\/wp-content\/uploads\/2021\/01\/penin91puntos-700x700.png 700w, https:\/\/www.gourmetproductsexport.com\/wp-content\/uploads\/2021\/01\/penin91puntos.png 1080w\" sizes=\"(max-width: 300px) 100vw, 300px\" \/><\/div><\/div><div class=\"mpc-item\"><div onclick=\"\" class=\"mpc-grid__image mpc-transition\"><img width=\"300\" height=\"300\" src=\"https:\/\/www.gourmetproductsexport.com\/wp-content\/uploads\/2021\/01\/sello-cwsa-2018-300x300.jpg\" class=\"mpc-transition attachment-medium\" alt=\"\" loading=\"lazy\" srcset=\"https:\/\/www.gourmetproductsexport.com\/wp-content\/uploads\/2021\/01\/sello-cwsa-2018-300x300.jpg 300w, https:\/\/www.gourmetproductsexport.com\/wp-content\/uploads\/2021\/01\/sello-cwsa-2018-150x150.jpg 150w, https:\/\/www.gourmetproductsexport.com\/wp-content\/uploads\/2021\/01\/sello-cwsa-2018.jpg 400w\" sizes=\"(max-width: 300px) 100vw, 300px\" \/><\/div><\/div><div class=\"mpc-item\"><div onclick=\"\" class=\"mpc-grid__image mpc-transition\"><img width=\"300\" height=\"300\" src=\"https:\/\/www.gourmetproductsexport.com\/wp-content\/uploads\/2021\/01\/sello-mundus-vini2019-300x300.jpg\" class=\"mpc-transition attachment-medium\" alt=\"\" loading=\"lazy\" srcset=\"https:\/\/www.gourmetproductsexport.com\/wp-content\/uploads\/2021\/01\/sello-mundus-vini2019-300x300.jpg 300w, https:\/\/www.gourmetproductsexport.com\/wp-content\/uploads\/2021\/01\/sello-mundus-vini2019-150x150.jpg 150w, https:\/\/www.gourmetproductsexport.com\/wp-content\/uploads\/2021\/01\/sello-mundus-vini2019.jpg 400w\" sizes=\"(max-width: 300px) 100vw, 300px\" \/><\/div><\/div><div class=\"mpc-item\"><div onclick=\"\" class=\"mpc-grid__image mpc-transition\"><img width=\"300\" height=\"300\" src=\"https:\/\/www.gourmetproductsexport.com\/wp-content\/uploads\/2021\/01\/consejo-somontano-copia-300x300.jpg\" class=\"mpc-transition attachment-medium\" alt=\"\" loading=\"lazy\" srcset=\"https:\/\/www.gourmetproductsexport.com\/wp-content\/uploads\/2021\/01\/consejo-somontano-copia-300x300.jpg 300w, https:\/\/www.gourmetproductsexport.com\/wp-content\/uploads\/2021\/01\/consejo-somontano-copia-150x150.jpg 150w, https:\/\/www.gourmetproductsexport.com\/wp-content\/uploads\/2021\/01\/consejo-somontano-copia.jpg 400w\" sizes=\"(max-width: 300px) 100vw, 300px\" \/><\/div><\/div><\/div>[\/vc_column][\/vc_row]<\/p>\n","protected":false},"excerpt":{"rendered":"<p>[vc_row css_animation=\u00bb\u00bb row_type=\u00bbrow\u00bb use_row_as_full_screen_section=\u00bbno\u00bb type=\u00bbfull_width\u00bb angled_section=\u00bbno\u00bb text_align=\u00bbleft\u00bb background_image_as_pattern=\u00bbwithout_pattern\u00bb css=\u00bb.vc_custom_1606151653353{margin-top: 25px !important;}\u00bb z_index=\u00bb\u00bb][vc_column width=\u00bb1\/2&#8243;][\/vc_column][vc_column width=\u00bb1\/2&#8243;][vc_empty_space height=\u00bb10px\u00bb][vc_empty_space height=\u00bb15px\u00bb][\/vc_column][\/vc_row]<\/p>\n","protected":false},"author":1,"featured_media":1227,"comment_status":"closed","ping_status":"closed","sticky":false,"template":"","format":"standard","meta":[],"categories":[28,48],"tags":[],"_links":{"self":[{"href":"https:\/\/www.gourmetproductsexport.com\/index.php\/wp-json\/wp\/v2\/posts\/924"}],"collection":[{"href":"https:\/\/www.gourmetproductsexport.com\/index.php\/wp-json\/wp\/v2\/posts"}],"about":[{"href":"https:\/\/www.gourmetproductsexport.com\/index.php\/wp-json\/wp\/v2\/types\/post"}],"author":[{"embeddable":true,"href":"https:\/\/www.gourmetproductsexport.com\/index.php\/wp-json\/wp\/v2\/users\/1"}],"replies":[{"embeddable":true,"href":"https:\/\/www.gourmetproductsexport.com\/index.php\/wp-json\/wp\/v2\/comments?post=924"}],"version-history":[{"count":16,"href":"https:\/\/www.gourmetproductsexport.com\/index.php\/wp-json\/wp\/v2\/posts\/924\/revisions"}],"predecessor-version":[{"id":1249,"href":"https:\/\/www.gourmetproductsexport.com\/index.php\/wp-json\/wp\/v2\/posts\/924\/revisions\/1249"}],"wp:featuredmedia":[{"embeddable":true,"href":"https:\/\/www.gourmetproductsexport.com\/index.php\/wp-json\/wp\/v2\/media\/1227"}],"wp:attachment":[{"href":"https:\/\/www.gourmetproductsexport.com\/index.php\/wp-json\/wp\/v2\/media?parent=924"}],"wp:term":[{"taxonomy":"category","embeddable":true,"href":"https:\/\/www.gourmetproductsexport.com\/index.php\/wp-json\/wp\/v2\/categories?post=924"},{"taxonomy":"post_tag","embeddable":true,"href":"https:\/\/www.gourmetproductsexport.com\/index.php\/wp-json\/wp\/v2\/tags?post=924"}],"curies":[{"name":"wp","href":"https:\/\/api.w.org\/{rel}","templated":true}]}}